[{"@context":"https:\/\/schema.org\/","@type":"Article","@id":"https:\/\/www.cakb.cz\/oblibene-nastavby-nakladnich-automobilu\/#Article","mainEntityOfPage":"https:\/\/www.cakb.cz\/oblibene-nastavby-nakladnich-automobilu\/","headline":"Obl\u00edben\u00e9 n\u00e1stavby n\u00e1kladn\u00edch automobil\u016f","name":"Obl\u00edben\u00e9 n\u00e1stavby n\u00e1kladn\u00edch automobil\u016f","description":"Dlouholet\u00fdm hitem p\u0159i prac\u00edch ve v\u00fd\u0161k\u00e1ch v b\u011b\u017en\u00e9m ter\u00e9nu jsou dob\u0159e zn\u00e1m\u00e9 n\u00e1stavby na n\u00e1kladn\u00edch automobilech, minul\u00fdch cca 40 let zejm\u00e9na Avi\u00edch. Na t\u011bchto n\u00e1kladn\u00edch vozech byly instalov\u00e1ny oto\u010dn\u00e9 n\u00e1stavby s rameny<a class=\"moretag\" href=\"https:\/\/www.cakb.cz\/oblibene-nastavby-nakladnich-automobilu\/\">\u010c\u00edst d\u00e1le...<\/a>","datePublished":"2025-08-28","dateModified":"2025-08-28","author":{"@type":"Person","@id":"https:\/\/www.cakb.cz\/author\/#Person","name":"","url":"https:\/\/www.cakb.cz\/author\/","identifier":1,"image":{"@type":"ImageObject","@id":"https:\/\/secure.gravatar.com\/avatar\/831abbcc684823965c5caa39ae4561083127c8aedfe9e524c6cecc176998c733?s=96&d=mm&r=g","url":"https:\/\/secure.gravatar.com\/avatar\/831abbcc684823965c5caa39ae4561083127c8aedfe9e524c6cecc176998c733?s=96&d=mm&r=g","height":96,"width":96}},"publisher":{"@type":"Organization","name":"cakb.cz","logo":{"@type":"ImageObject","@id":"\/logo.png","url":"\/logo.png","width":600,"height":60}},"url":"https:\/\/www.cakb.cz\/oblibene-nastavby-nakladnich-automobilu\/","wordCount":181,"articleBody":"Dlouholet\u00fdm hitem p\u0159i prac\u00edch ve v\u00fd\u0161k\u00e1ch v b\u011b\u017en\u00e9m ter\u00e9nu jsou dob\u0159e zn\u00e1m\u00e9 n\u00e1stavby na n\u00e1kladn\u00edch automobilech, minul\u00fdch cca 40 let zejm\u00e9na Avi\u00edch. Na t\u011bchto n\u00e1kladn\u00edch vozech byly instalov\u00e1ny oto\u010dn\u00e9 n\u00e1stavby s rameny kloubov\u011b spojen\u00fdmi, na jejich\u017e konci byl typick\u00fd pracovn\u00ed ko\u0161 pro dva pracovn\u00edky. Tato pracovn\u00ed plo\u0161ina s velk\u00fdm dosahem v\u00fd\u0161kov\u00fdm i bo\u010dn\u00edm byla velice obl\u00edbena nejen u pracovn\u00edk\u016f elektrorozvodn\u00fdch z\u00e1vod\u016f a pracovn\u00edk\u016f spoj\u016f, ale i u technick\u00fdch slu\u017eeb a dokonce i u pracovn\u00edk\u016f \u00fadr\u017eby zelen\u011b, kte\u0159\u00ed s nimi velice pohodln\u011b mohli o\u0161et\u0159ovat a pro\u0159ez\u00e1vat i vzrostl\u00e9 stromy p\u0159i pravideln\u00e9 \u00fadr\u017eb\u011b a o\u0161et\u0159ov\u00e1n\u00ed. Dodnes pou\u017e\u00edvan\u00e9 Spousta t\u011bchto Avi\u00ed slou\u017e\u00ed dodnes a jsou velice obl\u00edben\u00e9. Nov\u011bj\u0161\u00ed pracovn\u00ed n\u00e1stavby se ji\u017e montuj\u00ed v\u011bt\u0161inou na vozy jin\u00fdch, nov\u011bj\u0161\u00edch zna\u010dek. Jejich obliba je ale st\u00e1le velk\u00e1.                                                                                                                                                                                                                                                                                                                                                                                                "},{"@context":"https:\/\/schema.org\/","@type":"BreadcrumbList","itemListElement":[{"@type":"ListItem","position":1,"name":"Obl\u00edben\u00e9 n\u00e1stavby n\u00e1kladn\u00edch automobil\u016f","item":"https:\/\/www.cakb.cz\/oblibene-nastavby-nakladnich-automobilu\/#breadcrumbitem"}]}]