[{"@context":"https:\/\/schema.org\/","@type":"Article","@id":"https:\/\/www.cakb.cz\/je-cas-ke-krasnemu-darku\/#Article","mainEntityOfPage":"https:\/\/www.cakb.cz\/je-cas-ke-krasnemu-darku\/","headline":"Je \u010das ke kr\u00e1sn\u00e9mu d\u00e1rku","name":"Je \u010das ke kr\u00e1sn\u00e9mu d\u00e1rku","description":"Va\u0161e mal\u00e1 hol\u010di\u010dka bude m\u00edt narozeniny nebo jin\u00fd v\u00fdznamn\u00fd den, a vy j\u00ed chcete obdarovat n\u011b\u010d\u00edm v\u00fdjime\u010dn\u00fdm? M\u00e1 dost hra\u010dek i oble\u010den\u00ed a chcete proto d\u00e1rek, kter\u00fd z\u016fstane i hezkou pam\u00e1tkou nebo<a class=\"moretag\" href=\"https:\/\/www.cakb.cz\/je-cas-ke-krasnemu-darku\/\">\u010c\u00edst d\u00e1le...<\/a>","datePublished":"2024-11-14","dateModified":"2024-11-14","author":{"@type":"Person","@id":"https:\/\/www.cakb.cz\/author\/#Person","name":"","url":"https:\/\/www.cakb.cz\/author\/","identifier":1,"image":{"@type":"ImageObject","@id":"https:\/\/secure.gravatar.com\/avatar\/831abbcc684823965c5caa39ae4561083127c8aedfe9e524c6cecc176998c733?s=96&d=mm&r=g","url":"https:\/\/secure.gravatar.com\/avatar\/831abbcc684823965c5caa39ae4561083127c8aedfe9e524c6cecc176998c733?s=96&d=mm&r=g","height":96,"width":96}},"publisher":{"@type":"Organization","name":"cakb.cz","logo":{"@type":"ImageObject","@id":"\/logo.png","url":"\/logo.png","width":600,"height":60}},"url":"https:\/\/www.cakb.cz\/je-cas-ke-krasnemu-darku\/","wordCount":203,"articleBody":"Va\u0161e mal\u00e1 hol\u010di\u010dka bude m\u00edt narozeniny nebo jin\u00fd v\u00fdznamn\u00fd den, a vy j\u00ed chcete obdarovat n\u011b\u010d\u00edm v\u00fdjime\u010dn\u00fdm? M\u00e1 dost hra\u010dek i oble\u010den\u00ed a chcete proto d\u00e1rek, kter\u00fd z\u016fstane i hezkou pam\u00e1tkou nebo rodinn\u00fdm pokladem? Co takhle pestr\u00fd v\u00fdb\u011br d\u011btsk\u00fdch n\u00e1u\u0161nic? Pro mal\u00e9 sle\u010dny zdravotn\u011b nez\u00e1vadn\u00fd \u0161perk, kter\u00fd je ru\u010dn\u011b zpracovan\u00fd. Vybrat si m\u016f\u017eete z b\u00edl\u00e9ho i \u017elut\u00e9ho zlata v kombinaci s pestr\u00fdm v\u00fdb\u011brem barevn\u00fdch kam\u00ednk\u016f. Zlato m\u016f\u017eete nahradit i st\u0159\u00edbrnou variantou.\tRozd\u00edl mezi chlape\u010dkem a hol\u010di\u010dkouNelekejte se, \u017ee v\u00e1s chce n\u011bkdo pou\u010dovat, jak\u00fd je z\u00e1sadn\u00ed rozd\u00edl mezi chlape\u010dky a hol\u010di\u010dkami. Odmalinka se spole\u010dnost sna\u017e\u00ed ob\u011b pohlav\u00ed od sebe odli\u0161it. Hol\u010di\u010dky r\u016f\u017eovou barvou, chlape\u010dky modrou. Hol\u010di\u010dky suk\u00fdnkami, chlape\u010dky kalhotami. Ale co d\u011bl\u00e1 hol\u010di\u010dky nejv\u00edc hol\u010di\u010dkami, je kr\u00e1sn\u00fd sv\u011bt d\u011btsk\u00fdch n\u00e1u\u0161nic. N\u011b\u017en\u00e9 pohlav\u00ed v\u017edy zd\u016frazn\u00ed zlat\u00fd nebo st\u0159\u00edbrn\u00fd \u0161perk.                                                                                                                                                                                                                                                                                                                                                                                        3\/5 - (5 votes)        "},{"@context":"https:\/\/schema.org\/","@type":"BreadcrumbList","itemListElement":[{"@type":"ListItem","position":1,"name":"Je \u010das ke kr\u00e1sn\u00e9mu d\u00e1rku","item":"https:\/\/www.cakb.cz\/je-cas-ke-krasnemu-darku\/#breadcrumbitem"}]}]