[{"@context":"https:\/\/schema.org\/","@type":"Article","@id":"https:\/\/www.cakb.cz\/ja-svadlenou\/#Article","mainEntityOfPage":"https:\/\/www.cakb.cz\/ja-svadlenou\/","headline":"J\u00e1 \u0161vadlenou","name":"J\u00e1 \u0161vadlenou","description":"Poka\u017ed\u00e9, v\u017edycky kdy\u017e si n\u011bkdo rozhoduje, jak\u00e9 povol\u00e1n\u00ed bude \u010dlov\u011bk vykon\u00e1vat v dosp\u011blosti, tak je to rozhodov\u00e1n\u00ed n\u011bkdy opravdu velice t\u011b\u017ek\u00e9. To, proto\u017ee nap\u0159\u00edklad j\u00e1, kdy\u017e mi bylo t\u0159in\u00e1ct nebo \u010dtrn\u00e1ct let<a class=\"moretag\" href=\"https:\/\/www.cakb.cz\/ja-svadlenou\/\">\u010c\u00edst d\u00e1le...<\/a>","datePublished":"2023-02-15","dateModified":"2023-05-05","author":{"@type":"Person","@id":"https:\/\/www.cakb.cz\/author\/#Person","name":"","url":"https:\/\/www.cakb.cz\/author\/","identifier":1,"image":{"@type":"ImageObject","@id":"https:\/\/secure.gravatar.com\/avatar\/831abbcc684823965c5caa39ae4561083127c8aedfe9e524c6cecc176998c733?s=96&d=mm&r=g","url":"https:\/\/secure.gravatar.com\/avatar\/831abbcc684823965c5caa39ae4561083127c8aedfe9e524c6cecc176998c733?s=96&d=mm&r=g","height":96,"width":96}},"publisher":{"@type":"Organization","name":"cakb.cz","logo":{"@type":"ImageObject","@id":"\/logo.png","url":"\/logo.png","width":600,"height":60}},"image":{"@type":"ImageObject","@id":"https:\/\/www.cakb.cz\/wp-content\/uploads\/antique-1838324_960_720_2.jpg","url":"https:\/\/www.cakb.cz\/wp-content\/uploads\/antique-1838324_960_720_2.jpg","height":0,"width":0},"url":"https:\/\/www.cakb.cz\/ja-svadlenou\/","about":["Zbo\u017e\u00ed"],"wordCount":408,"articleBody":"      Poka\u017ed\u00e9, v\u017edycky kdy\u017e si n\u011bkdo rozhoduje, jak\u00e9 povol\u00e1n\u00ed bude \u010dlov\u011bk vykon\u00e1vat v dosp\u011blosti, tak je to rozhodov\u00e1n\u00ed n\u011bkdy opravdu velice t\u011b\u017ek\u00e9. To, proto\u017ee nap\u0159\u00edklad j\u00e1, kdy\u017e mi bylo t\u0159in\u00e1ct nebo \u010dtrn\u00e1ct let a m\u011bla jsem se v osm\u00e9 t\u0159\u00edd\u011b rozhodovat, kam p\u016fjdu studovat, tak jsem v\u016fbec nev\u011bd\u011bla, kam p\u016fjdu, proto\u017ee m\u011bla jsem opravdu tolik v\u011bc\u00ed a n\u00e1pad\u016f, \u017ee jsem si nedok\u00e1zala vybrat opravdu jenom jednu v\u011bc, abych se potom \u0161la u\u010dit. Od za\u010d\u00e1tku jsem samoz\u0159ejm\u011b myslela na to, \u017ee bych byla kucha\u0159ka, stejn\u011b jako taky moje m\u00e1ma. Jenom \u017ee m\u016fj od tebe zase automechanik. Tohle m\u011b taky docela l\u00e1kalo, proto\u017ee jako mal\u00e1 holka jsem s otcem chodila velice \u010dasto do autoopravny, tak\u017ee m\u011b to bavilo. Nicm\u00e9n\u011b jsem se ale nakonec se u\u010dila \u0161vadlenou. A opravdu m\u011b to hodn\u011b zaj\u00edmalo a bavilo m\u011b to, tak\u017ee mi moje m\u00e1ma \u0159ekla, \u017ee kdy\u017e budu cht\u00edt b\u00fdt \u0161vadlena nebo krej\u010dov\u00e1, tak pr\u00fd to bude naprosto ide\u00e1ln\u00ed pro m\u011b. A nav\u00edc zn\u011blo to taky skv\u011ble, \u017ee bych potom mohla \u0161\u00edt vlastn\u011b na celou rodinu. M\u011bla bych taky prima praxi. Po\u0159\u00eddila jsem si tady tak\u00e9 krej\u010dovsk\u00e9 panny, kter\u00e9 je velice nutn\u00e9 si po\u0159\u00eddit, pokud chcete m\u00edt \u0161vadlena \u010di krej\u010dov\u00e1.Po\u0159\u00eddila jsem si rad\u011bji rovnou u\u017e \u010dty\u0159i krej\u010dovsk\u00e9 panny, proto\u017ee abych m\u011bla na ka\u017edou velikost alespo\u0148 jednu. Cht\u011bla jsem \u0161\u00edt tak\u00e9 na mal\u00e9 d\u011bti, tak\u017ee jsem si objednala tak\u00e9 jednu malou krej\u010dovskou pannu, kter\u00e1 p\u0159ipom\u00edn\u00e1 jako mal\u00e9 d\u00edt\u011b. A v\u0161echno jsem po\u0159\u00eddila na webov\u00e9 str\u00e1nce prima-obchod.cz, kde najdete plno praktick\u00fdch v\u011bci, kdybyste pot\u0159ebovali n\u011bco pro va\u0161e zam\u011bstn\u00e1n\u00ed v krej\u010dovstv\u00ed. A zn\u00e1te n\u011bkoho ve va\u0161em okol\u00ed, kdo d\u011bl\u00e1 taky \u0161vadlenu? Moje teta je tak\u00e9 krej\u010dov\u00e1, ale teta tuto pr\u00e1ci nikdy ned\u011blala, proto\u017ee m\u011bla \u0161patn\u00e9 prsty, a nakonec nemohla nic d\u011blat. M\u011b krej\u010dov\u00e1 moc bav\u00ed a taky u\u017e m\u00e1m opravdu plno z\u00e1kazn\u00edk\u016f. Krej\u010dovsk\u00e9 panny Prima-obchod se v\u00e1m budou jist\u011b hodit, k t\u00e9to pr\u00e1ci jsou naprosto nevyhnuteln\u00e9.                                                                                                                                                                                                                                                                                                                                                                                           3.7\/5 - (10 votes)        "},{"@context":"https:\/\/schema.org\/","@type":"BreadcrumbList","itemListElement":[{"@type":"ListItem","position":1,"name":"J\u00e1 \u0161vadlenou","item":"https:\/\/www.cakb.cz\/ja-svadlenou\/#breadcrumbitem"}]}]