[{"@context":"https:\/\/schema.org\/","@type":"Article","@id":"https:\/\/www.cakb.cz\/hura-na-vylet-na-moravu\/#Article","mainEntityOfPage":"https:\/\/www.cakb.cz\/hura-na-vylet-na-moravu\/","headline":"Hur\u00e1 na v\u00fdlet na Moravu","name":"Hur\u00e1 na v\u00fdlet na Moravu","description":"Cestov\u00e1n\u00ed do zahrani\u010d\u00ed nen\u00ed v sou\u010dasn\u00e9 dob\u011b pro v\u011bt\u0161inu lid\u00ed atraktivn\u00ed, a tak je na \u010dase se porozhl\u00e9dnout po na\u0161\u00ed malebn\u00e9 zemi a objevovat zapomenut\u00e9 kr\u00e1sy. Ji\u017en\u00ed Morava je jedn\u00edm z nejkr\u00e1sn\u011bj\u0161\u00edch<a class=\"moretag\" href=\"https:\/\/www.cakb.cz\/hura-na-vylet-na-moravu\/\">\u010c\u00edst d\u00e1le...<\/a>","datePublished":"2020-12-15","dateModified":"2024-05-12","author":{"@type":"Person","@id":"https:\/\/www.cakb.cz\/author\/#Person","name":"","url":"https:\/\/www.cakb.cz\/author\/","identifier":1,"image":{"@type":"ImageObject","@id":"https:\/\/secure.gravatar.com\/avatar\/831abbcc684823965c5caa39ae4561083127c8aedfe9e524c6cecc176998c733?s=96&d=mm&r=g","url":"https:\/\/secure.gravatar.com\/avatar\/831abbcc684823965c5caa39ae4561083127c8aedfe9e524c6cecc176998c733?s=96&d=mm&r=g","height":96,"width":96}},"publisher":{"@type":"Organization","name":"cakb.cz","logo":{"@type":"ImageObject","@id":"\/logo.png","url":"\/logo.png","width":600,"height":60}},"image":{"@type":"ImageObject","@id":"https:\/\/www.cakb.cz\/wp-content\/uploads\/JM1.jpg","url":"https:\/\/www.cakb.cz\/wp-content\/uploads\/JM1.jpg","height":0,"width":0},"url":"https:\/\/www.cakb.cz\/hura-na-vylet-na-moravu\/","about":["Online"],"wordCount":441,"articleBody":"       Cestov\u00e1n\u00ed do zahrani\u010d\u00ed nen\u00ed v sou\u010dasn\u00e9 dob\u011b pro v\u011bt\u0161inu lid\u00ed atraktivn\u00ed, a tak je na \u010dase se porozhl\u00e9dnout po na\u0161\u00ed malebn\u00e9 zemi a objevovat zapomenut\u00e9 kr\u00e1sy.Ji\u017en\u00ed Morava je jedn\u00edm z nejkr\u00e1sn\u011bj\u0161\u00edch kout\u016f \u010cesk\u00e9 republiky. Nab\u00edz\u00ed neuv\u011b\u0159iteln\u00e9 mno\u017estv\u00ed p\u0159\u00edrodn\u00edch kr\u00e1s, kter\u00e9 si m\u016f\u017eete prohl\u00e9dnout t\u0159eba p\u0159i p\u011b\u0161\u00edch t\u00far\u00e1ch m\u00edrn\u00fdm ter\u00e9nem nebo p\u0159i proj\u00ed\u017e\u010fce po jedn\u00e9 z mnoha cyklostezek, kter\u00fdmi je krajina protkan\u00e1. Pro milovn\u00edky historie se zde nach\u00e1z\u00ed mnoho kr\u00e1sn\u00fdch a ve\u0159ejnosti p\u0159\u00edstupn\u00fdch historick\u00fdch staveb, kter\u00e9 n\u00e1v\u0161t\u011bvn\u00edky poutavou formou seznamuje s histori\u00ed na\u0161ich p\u0159edk\u016f.M\u016f\u017eete se t\u0159eba vydat prozkoumat Lednicko-Valdick\u00fd are\u00e1l, kter\u00fd je jako cenn\u00fd komplex chr\u00e1n\u011bn\u00fd jako p\u0159\u00edrodn\u00ed a kulturn\u00ed d\u011bdictv\u00ed pod dozorem UNESCO.A m\u016f\u017eete za\u010d\u00edt t\u0159eba v malebn\u00e9m m\u011bste\u010dku Lednice. Prvn\u00ed zn\u00e1mky o tomto m\u00edst\u011b sahaj\u00ed a\u017e do roku 1222, kdy zde vznikla tvrz, kter\u00e1 dohl\u00ed\u017eela na obchodn\u00ed stezky. Pozd\u011bji zde bylo vybudovan\u00e9 lednick\u00e9 panstv\u00ed, kter\u00e9 pat\u0159ilo p\u0159es 700 let do vlastnictv\u00ed rodu Lichten\u0161tejn\u016f. Samotn\u00fd z\u00e1mek pro\u0161el v ned\u00e1vn\u00e9 dob\u011b rozs\u00e1hlou rekonstrukc\u00ed imituj\u00edc\u00ed anglickou gotiku ve stylu Tudorovc\u016f. Z\u00e1mek je p\u0159\u00edstupn\u00fd ve\u0159ejnosti a najdete zde mnoho vz\u00e1cn\u00fdch v\u011bc\u00ed. Ve velkolep\u00e9m interi\u00e9ru n\u00e1v\u0161t\u011bvn\u00edci mohou obdivovat d\u0159ev\u011bn\u00e9 kazetov\u00e9 stropy nebo velice pestr\u00fd historick\u00fd n\u00e1bytek. Vyhl\u00e1\u0161enou atrakc\u00ed jsou n\u00e1dhern\u011b propracovan\u00e9 celod\u0159ev\u011bn\u00e9 schody v knihovn\u011b. V m\u00edstnostech jsou tak\u00e9 k obdivov\u00e1n\u00ed mramorov\u00e9 krby. V are\u00e1lu z\u00e1mku se nach\u00e1z\u00ed proslul\u00fd sklen\u00edk.Pro obdivovatele p\u0159\u00edrodn\u00edch kr\u00e1s je v z\u00e1meck\u00e9m are\u00e1lu park z 19. stolet\u00ed. Pro cel\u00e9 rodiny jsou p\u0159ipraven\u00e9 plavby po ramenech \u0159eky Dyje, a tak n\u00e1v\u0161t\u011bvn\u00edci mohou i s odborn\u00fdm v\u00fdkladem pozn\u00e1vat zdej\u0161\u00ed m\u00edsto i z jin\u00e9ho pohledu.Lednice je tak\u00e9 l\u00e1ze\u0148sk\u00e9 m\u011bsto, kde m\u016f\u017eete na\u010derpat s\u00edlu, pokud se r\u00e1di nech\u00e1v\u00e1te h\u00fd\u010dkat l\u00e1ze\u0148sk\u00fdmi procedurami.V okol\u00ed je cel\u00e1 \u0159ada zaj\u00edmavost\u00ed k objeven\u00ed. Pokud m\u00e1te ubytov\u00e1n\u00ed lednice, m\u016f\u017eete nav\u0161t\u00edvit nap\u0159\u00edklad 12 km vzd\u00e1len\u00e9 jeskyn\u011b na Turoldu. Jde o p\u0159\u00edrodn\u00ed rezervaci na vrchu Turold, kde se nach\u00e1z\u00ed jeskynn\u00ed komplex z \u0159adou \u010dlenit\u00fdch chodeb a s\u00edn\u00ed rozlo\u017een\u00fdch v n\u011bkolika patrech.                                                                                                                                                                                                                                                                                                                                                                                          3.7\/5 - (9 votes)        "},{"@context":"https:\/\/schema.org\/","@type":"BreadcrumbList","itemListElement":[{"@type":"ListItem","position":1,"name":"Hur\u00e1 na v\u00fdlet na Moravu","item":"https:\/\/www.cakb.cz\/hura-na-vylet-na-moravu\/#breadcrumbitem"}]}]