[{"@context":"https:\/\/schema.org\/","@type":"Article","@id":"https:\/\/www.cakb.cz\/americka-versus-francouzska-krasa\/#Article","mainEntityOfPage":"https:\/\/www.cakb.cz\/americka-versus-francouzska-krasa\/","headline":"Americk\u00e1 versus francouzsk\u00e1 kr\u00e1sa","name":"Americk\u00e1 versus francouzsk\u00e1 kr\u00e1sa","description":"Kr\u00e1sa je velmi individu\u00e1ln\u00ed, nejen dle lid\u00ed, ale i dle zem\u00ed. Ka\u017ed\u00fd m\u00e1 jin\u00e9 m\u011b\u0159\u00edtko a mus\u00edte respektovat, \u017ee kr\u00e1su vn\u00edm\u00e1 ka\u017ed\u00fd jinak. L\u00ed\u010den\u00ed si tak\u00e9 tvo\u0159\u00ed ka\u017ed\u00fd s\u00e1m, n\u011bkdo vyu\u017e\u00edv\u00e1 mnoho<a class=\"moretag\" href=\"https:\/\/www.cakb.cz\/americka-versus-francouzska-krasa\/\">\u010c\u00edst d\u00e1le...<\/a>","datePublished":"2019-06-12","dateModified":"2023-05-05","author":{"@type":"Person","@id":"https:\/\/www.cakb.cz\/author\/#Person","name":"","url":"https:\/\/www.cakb.cz\/author\/","identifier":1,"image":{"@type":"ImageObject","@id":"https:\/\/secure.gravatar.com\/avatar\/831abbcc684823965c5caa39ae4561083127c8aedfe9e524c6cecc176998c733?s=96&d=mm&r=g","url":"https:\/\/secure.gravatar.com\/avatar\/831abbcc684823965c5caa39ae4561083127c8aedfe9e524c6cecc176998c733?s=96&d=mm&r=g","height":96,"width":96}},"publisher":{"@type":"Organization","name":"cakb.cz","logo":{"@type":"ImageObject","@id":"\/logo.png","url":"\/logo.png","width":600,"height":60}},"image":{"@type":"ImageObject","@id":"https:\/\/www.cakb.cz\/wp-content\/uploads\/img_a348051_w2537_t1562505579.jpg","url":"https:\/\/www.cakb.cz\/wp-content\/uploads\/img_a348051_w2537_t1562505579.jpg","height":0,"width":0},"url":"https:\/\/www.cakb.cz\/americka-versus-francouzska-krasa\/","about":["Kr\u00e1sa"],"wordCount":437,"articleBody":"Kr\u00e1sa je velmi individu\u00e1ln\u00ed, nejen dle lid\u00ed, ale i dle zem\u00ed. Ka\u017ed\u00fd m\u00e1 jin\u00e9 m\u011b\u0159\u00edtko a mus\u00edte respektovat, \u017ee kr\u00e1su vn\u00edm\u00e1 ka\u017ed\u00fd jinak. L\u00ed\u010den\u00ed si tak\u00e9 tvo\u0159\u00ed ka\u017ed\u00fd s\u00e1m, n\u011bkdo vyu\u017e\u00edv\u00e1 mnoho tv\u00e1\u0159enky a kontur, jin\u00ed se soust\u0159ed\u00ed na jemnost a pouh\u00e9 sjednocen\u00ed obli\u010deje. Ov\u0161em aby l\u00ed\u010den\u00ed nevypadalo jak velk\u00e9 fleky na obli\u010deji, nebylo p\u0159\u00edli\u0161 v\u00fdrazn\u00e9 a nebudilo lacin\u00fd dojem, je t\u0159eba se \u0159\u00eddit pravidly a u\u010dit se. L\u00ed\u010dit se nau\u010d\u00edte pouze neust\u00e1l\u00fdm zkou\u0161en\u00edm a n\u00e1pady. M\u016f\u017eete zv\u00fdraznit bu\u010f o\u010di, cel\u00fd obli\u010dej, nebo pouze \u00fasta a nechat o\u010di jemn\u00e9. S t\u00edmto se poj\u00ed dva pojmy, kter\u00e9 si tu lehce shrneme. Jedn\u00edm je americk\u00e9 l\u00ed\u010den\u00ed, druh\u00fdm francouzsk\u00e9 l\u00ed\u010den\u00ed.\t&nbsp;\tFrancouzsk\u00e9 l\u00ed\u010den\u00ed\tU francouzsk\u00e9ho l\u00ed\u010den\u00ed plat\u00ed z\u00e1kladn\u00ed v\u011bta &bdquo;m\u00e9n\u011b je v\u00edce&ldquo;. A zde si na tom opravdu dejte z\u00e1le\u017eet. Konturov\u00e1n\u00ed a v\u00fdrazn\u00e9 l\u00ed\u010den\u00ed u Francouz\u016f nenajdete. Hlavn\u00ed je \u010derven\u00e1 rt\u011bnka a sp\u00ed\u0161e teplej\u0161\u00ed, ne\u017e studen\u00fd odst\u00edn. O\u010di v\u0161ak mus\u00ed b\u00fdt jednoduch\u00e9. Barvy se zde vyu\u017e\u00edvaj\u00ed neutr\u00e1ln\u00ed, \u010dasto \u010dern\u00e1, hn\u011bd\u00e1 a n\u00e1mo\u0159nick\u00e1 modr\u00e1. \t&nbsp;\tAmerick\u00e9 l\u00ed\u010den\u00ed\tAmerika je oproti Francii zam\u011b\u0159en\u00e1 \u00fapln\u011b jinde, p\u0159esn\u011bji na o\u010di. Zde si vyhrajete mezi v\u00fdrazn\u00fdmi st\u00edny, mezi kou\u0159ovkami a r\u016fzn\u00fdmi spojen\u00edmi barev. Zde se nebojte si precizn\u011b upravit a domalovat obo\u010d\u00ed, vykonturovat obli\u010dej a nan\u00e9st tv\u00e1\u0159enku. Jen to nep\u0159e\u017ee\u0148te s barvami, aby va\u0161e l\u00ed\u010den\u00ed bylo vkusn\u00e9 a ne lacin\u00e9. \tDobrou volbou jsou nude, neboli barvy ve hn\u011bd\u00fdch odst\u00ednech. M\u016f\u017eete je zaj\u00edmav\u011b kombinovat a s t\u011blovou rt\u011bnkou nic nezkaz\u00edte. Naopak zv\u00fdrazn\u00edte v\u0161e pot\u0159ebn\u00e9, ale st\u00e1le bude v\u00fdsledn\u00fd vzhled pom\u011brn\u011b p\u0159irozen\u00fd. Americk\u00e9mu l\u00ed\u010den\u00ed ne\u0161kod\u00ed ani um\u011bl\u00e9 \u0159asy. \t&nbsp;\tSamoz\u0159ejm\u011b m\u016f\u017eete vyu\u017e\u00edt st\u00edny i v\u00fdraznou rt\u011bnku a bude to vypadat skv\u011ble, kdy\u017e tyto v\u011bci slad\u00edte. Ale lid\u00e9 si mnohem v\u00edce v\u0161imnout t\u00e9 zv\u00fdrazn\u011bn\u00e9 \u010d\u00e1sti v p\u0159\u00edpad\u011b, \u017ee se sous\u0159ed\u00edte pouze na jednu \u010d\u00e1st z t\u011bchto dvou. Ale m\u016f\u017eete j\u00edt ven i bez l\u00ed\u010den\u00ed, jste kr\u00e1sn\u00e9 a m\u011bly byste se c\u00edtit pohodln\u011b v ka\u017ed\u00e9m p\u0159\u00edpad\u011b.                                                                                                                                                                                                                                                                                                                                                                                        4.6\/5 - (10 votes)        "},{"@context":"https:\/\/schema.org\/","@type":"BreadcrumbList","itemListElement":[{"@type":"ListItem","position":1,"name":"Americk\u00e1 versus francouzsk\u00e1 kr\u00e1sa","item":"https:\/\/www.cakb.cz\/americka-versus-francouzska-krasa\/#breadcrumbitem"}]}]