[{"@context":"https:\/\/schema.org\/","@type":"Article","@id":"https:\/\/www.cakb.cz\/alpinari-jsou-milovnici-okrasnych-skalek\/#Article","mainEntityOfPage":"https:\/\/www.cakb.cz\/alpinari-jsou-milovnici-okrasnych-skalek\/","headline":"Alpin\u00e1\u0159i jsou milovn\u00edci okrasn\u00fdch skalek","name":"Alpin\u00e1\u0159i jsou milovn\u00edci okrasn\u00fdch skalek","description":"Kdo se ve sv\u00e9m \u017eivot\u011b poprv\u00e9 setkal s\u00a0pojmem \u201ealpinum\u201c, zpravidla si p\u0159edstav\u00ed typickou alpskou kv\u011btenu vysok\u00fdch \u0161t\u00edt\u016f rakousk\u00fdch, italsk\u00fdch a \u0161v\u00fdcarsk\u00fdch velehor. Alpinem v\u0161ak naz\u00fdv\u00e1me v\u0161echny skalky, ter\u00e9ny kamenit\u00e9ho r\u00e1zu, kde lze<a class=\"moretag\" href=\"https:\/\/www.cakb.cz\/alpinari-jsou-milovnici-okrasnych-skalek\/\">\u010c\u00edst d\u00e1le...<\/a>","datePublished":"2023-05-05","dateModified":"2023-05-05","author":{"@type":"Person","@id":"https:\/\/www.cakb.cz\/author\/#Person","name":"","url":"https:\/\/www.cakb.cz\/author\/","identifier":1,"image":{"@type":"ImageObject","@id":"https:\/\/secure.gravatar.com\/avatar\/831abbcc684823965c5caa39ae4561083127c8aedfe9e524c6cecc176998c733?s=96&d=mm&r=g","url":"https:\/\/secure.gravatar.com\/avatar\/831abbcc684823965c5caa39ae4561083127c8aedfe9e524c6cecc176998c733?s=96&d=mm&r=g","height":96,"width":96}},"publisher":{"@type":"Organization","name":"cakb.cz","logo":{"@type":"ImageObject","@id":"\/logo.png","url":"\/logo.png","width":600,"height":60}},"image":{"@type":"ImageObject","@id":"https:\/\/www.cakb.cz\/wp-content\/uploads\/img_a319681_w2537_t1530698494.jpg","url":"https:\/\/www.cakb.cz\/wp-content\/uploads\/img_a319681_w2537_t1530698494.jpg","height":0,"width":0},"url":"https:\/\/www.cakb.cz\/alpinari-jsou-milovnici-okrasnych-skalek\/","about":["D\u016fm a zahrada"],"wordCount":399,"articleBody":"Kdo se ve sv\u00e9m \u017eivot\u011b poprv\u00e9 setkal s\u00a0pojmem \u201ealpinum\u201c, zpravidla si p\u0159edstav\u00ed typickou alpskou kv\u011btenu vysok\u00fdch \u0161t\u00edt\u016f rakousk\u00fdch, italsk\u00fdch a \u0161v\u00fdcarsk\u00fdch velehor. Alpinem v\u0161ak naz\u00fdv\u00e1me v\u0161echny skalky, ter\u00e9ny kamenit\u00e9ho r\u00e1zu, kde lze vys\u00e1zet i jin\u00e9 druhy, mrazuvzdorn\u00e9 a zakrsl\u00e9 \u010di n\u00edzk\u00e9 trvalky.Alpin\u00e1\u0159i, tedy jin\u00fdmi slovy milovn\u00edci skalni\u010dek, vymezuj\u00ed pojem \u201etrvalka\u201c nadmo\u0159skou v\u00fd\u0161kou, kde se kv\u011btiny vyskytuj\u00ed, a zem\u011bpisnou polohou jejich stanovi\u0161t\u011b. Jedn\u00edm z\u00a0p\u0159\u00edklad\u016f m\u016f\u017ee b\u00fdt \u201eAntirrhinum\u201c (Hled\u00edk), pom\u011brn\u011b \u010dasto vysazovan\u00fd v\u00a0\u010desk\u00fdch zahrad\u00e1ch. Zat\u00edmco ve sv\u00e9 domovin\u011b (v It\u00e1lii) je trvalkou, st\u0159edn\u00ed Evropa a \u010cesk\u00e1 republika pro tuto rostlinku p\u0159edstavuj\u00ed formu letni\u010dky, nebo\u0165 v\u00a0na\u0161em chladn\u011bj\u0161\u00edm klimatu p\u0159ezimuje velice v\u00fdjime\u010dn\u011b. \u00a0Obecn\u011b tedy plat\u00ed, \u017ee \u010d\u00edm v\u00edce na sever, t\u00edm m\u00e9n\u011b ji\u017en\u00edch trvalek si zachov\u00e1 schopnost p\u0159ezimovat.\tJak\u00e9 druhy do skalky vysazovatKrom\u011b typick\u00fdch horsk\u00fdch druh\u016f se tu vysazuj\u00ed kv\u011btiny mok\u0159ad\u016f, ba\u017ein, step\u00ed, luk a les\u016f, mo\u0159sk\u00fdch pob\u0159e\u017e\u00ed, p\u011bstovat lze rostliny ryze endemick\u00e9, anebo kombinovat je ze v\u0161ech kout\u016f sv\u011bta, pouze s\u00a0p\u0159ihl\u00e9dnut\u00edm k\u00a0jejich \u017eivotn\u00edm podm\u00ednk\u00e1m.\tPodm\u00ednkou nejsou jen vysokohorsk\u00e9 druhySkalka tedy nen\u00ed pouze v\u00fd\u010det skaln\u00edch suchomiln\u00fdch skalni\u010dek, \u010dasto tu lid\u00e9 vysazuj\u00ed typick\u00e9 rostlinstvo n\u00ed\u017ein, s\u00a0nimi\u017e se setk\u00e1v\u00e1me nap\u0159. v\u00a0tepl\u00fdch oblastech ji\u017en\u00ed Moravy. Rostlinn\u00e1 \u0159\u00ed\u0161e je ov\u0161em nesm\u00edrn\u011b p\u0159izp\u016fsobiv\u00e1, v\u00a0mnoha p\u0159\u00edpadech dokonce mnohem l\u00e9pe, ne\u017e \u010dlov\u011bk. Tam, kde to jde jen st\u011b\u017e\u00ed, vypom\u00e1h\u00e1me si vz\u00e1jemn\u00fdm k\u0159\u00ed\u017een\u00edm. K\u0159\u00ed\u017eenci se pak i sn\u00e1ze p\u011bstuj\u00ed, \u010dastokr\u00e1t i v\u00edce kvetou, a sv\u00fdmi nov\u00fdmi vlastnostmi dokonce i p\u0159ed\u010d\u00ed sv\u00e9 p\u016fvodn\u00ed druhy, z\u00a0nich\u017e byly vy\u0161lecht\u011bny.V\u00fdhodou vytv\u00e1\u0159en\u00ed alpini\u00ed \u2013 skalek je jejich nen\u00e1ro\u010dnost, co se t\u00fd\u010de prostoru. V\u011bt\u0161inou zauj\u00edmaj\u00ed na zahrad\u00e1ch jen velmi omezen\u00e9 m\u00edsto, v\u017edy\u0165 na pouh\u00fdch 25 \u010dtvere\u010dn\u00edch metrech lze s\u00a0\u00fasp\u011bchem vyp\u011bstovat v\u00edce ne\u017e 100 druh\u016f skalni\u010dek, a to je ji\u017e \u00factyhodn\u00e9 mno\u017estv\u00ed.                                                                                                                                                                                                                                                                                                                                                                                        4.1\/5 - (8 votes)        "},{"@context":"https:\/\/schema.org\/","@type":"BreadcrumbList","itemListElement":[{"@type":"ListItem","position":1,"name":"Alpin\u00e1\u0159i jsou milovn\u00edci okrasn\u00fdch skalek","item":"https:\/\/www.cakb.cz\/alpinari-jsou-milovnici-okrasnych-skalek\/#breadcrumbitem"}]}]